{"id":518,"date":"2015-07-01T19:23:29","date_gmt":"2015-07-01T18:23:29","guid":{"rendered":"http:\/\/chatsulissiens91.fr\/?p=518"},"modified":"2016-05-02T20:44:49","modified_gmt":"2016-05-02T19:44:49","slug":"yoda-perdu-aux-hautes-bergeres","status":"publish","type":"post","link":"https:\/\/www.chatsulissiens91.fr\/?p=518","title":{"rendered":"YODA, PERDU AUX HAUTES BERGERES"},"content":{"rendered":"<p><a href=\"http:\/\/chatsulissiens91.fr\/wp-content\/uploads\/2015\/07\/Yoda.jpg\"><img loading=\"lazy\" decoding=\"async\" class=\"size-medium wp-image-519 aligncenter\" src=\"http:\/\/chatsulissiens91.fr\/wp-content\/uploads\/2015\/07\/Yoda-300x199.jpg\" alt=\"Yoda\" width=\"300\" height=\"199\" srcset=\"https:\/\/www.chatsulissiens91.fr\/wp-content\/uploads\/2015\/07\/Yoda-300x199.jpg 300w, https:\/\/www.chatsulissiens91.fr\/wp-content\/uploads\/2015\/07\/Yoda-1024x680.jpg 1024w, https:\/\/www.chatsulissiens91.fr\/wp-content\/uploads\/2015\/07\/Yoda-226x150.jpg 226w, https:\/\/www.chatsulissiens91.fr\/wp-content\/uploads\/2015\/07\/Yoda-150x100.jpg 150w, https:\/\/www.chatsulissiens91.fr\/wp-content\/uploads\/2015\/07\/Yoda.jpg 1385w\" sizes=\"auto, (max-width: 300px) 100vw, 300px\" \/><\/a><\/p>\n<p style=\"text-align: center\"><strong>ALERTE CHAT PERDU aux Ulis :<\/strong><\/p>\n<p>Yoda, 8 ans, st\u00e9rilis\u00e9 et tatou\u00e9 (oreille droite)<\/p>\n<p>Yoda, chat tigr\u00e9 marron, n&rsquo;est pas rentr\u00e9 chez lui depuis le 15 juin. Il r\u00e9side au RDJ de la tour Mai (Hautes Berg\u00e8res). Il a l&rsquo;habitude de se promener la journ\u00e9e ou la nuit. Mais l\u00e0, il n&rsquo;est toujours pas rentr\u00e9. Ses propri\u00e9taires sont tr\u00e8s tr\u00e8s inquiets.<\/p>\n<div class=\"text_exposed_show\">\n<p>Merci de nous contacter si vous l&rsquo;apercevez :\u00a006 71 95 67 49<br \/>\nOu son propri\u00e9taire : 06 33 76 66 12<\/p>\n<\/div>\n","protected":false},"excerpt":{"rendered":"<p>ALERTE CHAT PERDU aux Ulis : Yoda, 8 ans, st\u00e9rilis\u00e9 et tatou\u00e9 (oreille droite) Yoda, chat tigr\u00e9 marron, n&rsquo;est pas rentr\u00e9 chez lui depuis le 15 juin. Il r\u00e9side au RDJ de la tour Mai (Hautes Berg\u00e8res). Il a l&rsquo;habitude de se promener la journ\u00e9e ou la nuit. Mais l\u00e0,\u2026<\/p>\n<p class=\"continue-reading-button\"> <a class=\"continue-reading-link\" href=\"https:\/\/www.chatsulissiens91.fr\/?p=518\">Lire la suite<i class=\"crycon-right-dir\"><\/i><\/a><\/p>\n","protected":false},"author":17,"featured_media":0,"comment_status":"closed","ping_status":"closed","sticky":false,"template":"","format":"standard","meta":{"_jetpack_memberships_contains_paid_content":false,"footnotes":""},"categories":[4],"tags":[],"class_list":["post-518","post","type-post","status-publish","format-standard","hentry","category-perdu"],"jetpack_featured_media_url":"","jetpack_sharing_enabled":true,"_links":{"self":[{"href":"https:\/\/www.chatsulissiens91.fr\/index.php?rest_route=\/wp\/v2\/posts\/518","targetHints":{"allow":["GET"]}}],"collection":[{"href":"https:\/\/www.chatsulissiens91.fr\/index.php?rest_route=\/wp\/v2\/posts"}],"about":[{"href":"https:\/\/www.chatsulissiens91.fr\/index.php?rest_route=\/wp\/v2\/types\/post"}],"author":[{"embeddable":true,"href":"https:\/\/www.chatsulissiens91.fr\/index.php?rest_route=\/wp\/v2\/users\/17"}],"replies":[{"embeddable":true,"href":"https:\/\/www.chatsulissiens91.fr\/index.php?rest_route=%2Fwp%2Fv2%2Fcomments&post=518"}],"version-history":[{"count":4,"href":"https:\/\/www.chatsulissiens91.fr\/index.php?rest_route=\/wp\/v2\/posts\/518\/revisions"}],"predecessor-version":[{"id":1034,"href":"https:\/\/www.chatsulissiens91.fr\/index.php?rest_route=\/wp\/v2\/posts\/518\/revisions\/1034"}],"wp:attachment":[{"href":"https:\/\/www.chatsulissiens91.fr\/index.php?rest_route=%2Fwp%2Fv2%2Fmedia&parent=518"}],"wp:term":[{"taxonomy":"category","embeddable":true,"href":"https:\/\/www.chatsulissiens91.fr\/index.php?rest_route=%2Fwp%2Fv2%2Fcategories&post=518"},{"taxonomy":"post_tag","embeddable":true,"href":"https:\/\/www.chatsulissiens91.fr\/index.php?rest_route=%2Fwp%2Fv2%2Ftags&post=518"}],"curies":[{"name":"wp","href":"https:\/\/api.w.org\/{rel}","templated":true}]}}