{"id":38,"date":"2014-09-05T15:51:12","date_gmt":"2014-09-05T14:51:12","guid":{"rendered":"http:\/\/chatsulissiens91.fr\/?p=38"},"modified":"2016-05-02T20:45:40","modified_gmt":"2016-05-02T19:45:40","slug":"38","status":"publish","type":"post","link":"https:\/\/www.chatsulissiens91.fr\/?p=38","title":{"rendered":"Forum des Associations"},"content":{"rendered":"<p>&nbsp;<\/p>\n<p>&nbsp;<\/p>\n<p>&nbsp;<\/p>\n<p>&nbsp;<\/p>\n<p>&nbsp;<\/p>\n<p>&nbsp;<\/p>\n<p>&nbsp;<\/p>\n<p>&nbsp;<\/p>\n<p><a href=\"http:\/\/chatsulissiens91.fr\/wp-content\/uploads\/2014\/09\/10622727_509677499176028_5579612103360154507_n.jpg\"><img loading=\"lazy\" decoding=\"async\" class=\"alignnone size-medium wp-image-39\" src=\"http:\/\/chatsulissiens91.fr\/wp-content\/uploads\/2014\/09\/10622727_509677499176028_5579612103360154507_n-300x300.jpg\" alt=\"10622727_509677499176028_5579612103360154507_n\" width=\"300\" height=\"300\" srcset=\"https:\/\/www.chatsulissiens91.fr\/wp-content\/uploads\/2014\/09\/10622727_509677499176028_5579612103360154507_n-300x300.jpg 300w, https:\/\/www.chatsulissiens91.fr\/wp-content\/uploads\/2014\/09\/10622727_509677499176028_5579612103360154507_n-150x150.jpg 150w, https:\/\/www.chatsulissiens91.fr\/wp-content\/uploads\/2014\/09\/10622727_509677499176028_5579612103360154507_n.jpg 526w\" sizes=\"auto, (max-width: 300px) 100vw, 300px\" \/><\/a><\/p>\n<p>&nbsp;<\/p>\n<p>Nous vous attendons tr\u00e8s nombreux demain \u00e0 notre stand Chat Ulissiens , num\u00e9ro : 111<br \/>\nAu forum des associations , qui aura lieu de 9h30 \u00e0 17h39 au gymnase des amonts , aux Ulis<br \/>\nVenez nombreux petits et grands, beaucoup de surprises vous attendent &#8230;il yen aura pour tous les go\u00fbts ^^<\/p>\n<p>Tr\u00e8s bonne soir\u00e9e<\/p>\n<p>(post\u00e9 par Yianna pour Nadjah)<\/p>\n","protected":false},"excerpt":{"rendered":"<p>&nbsp; &nbsp; &nbsp; &nbsp; &nbsp; &nbsp; &nbsp; &nbsp; &nbsp; Nous vous attendons tr\u00e8s nombreux demain \u00e0 notre stand Chat Ulissiens , num\u00e9ro : 111 Au forum des associations , qui aura lieu de 9h30 \u00e0 17h39 au gymnase des amonts , aux Ulis Venez nombreux petits et grands, beaucoup de\u2026<\/p>\n<p class=\"continue-reading-button\"> <a class=\"continue-reading-link\" href=\"https:\/\/www.chatsulissiens91.fr\/?p=38\">Lire la suite<i class=\"crycon-right-dir\"><\/i><\/a><\/p>\n","protected":false},"author":17,"featured_media":0,"comment_status":"open","ping_status":"open","sticky":false,"template":"","format":"standard","meta":{"_jetpack_memberships_contains_paid_content":false,"footnotes":""},"categories":[3],"tags":[],"class_list":["post-38","post","type-post","status-publish","format-standard","hentry","category-info"],"jetpack_featured_media_url":"","jetpack_sharing_enabled":true,"_links":{"self":[{"href":"https:\/\/www.chatsulissiens91.fr\/index.php?rest_route=\/wp\/v2\/posts\/38","targetHints":{"allow":["GET"]}}],"collection":[{"href":"https:\/\/www.chatsulissiens91.fr\/index.php?rest_route=\/wp\/v2\/posts"}],"about":[{"href":"https:\/\/www.chatsulissiens91.fr\/index.php?rest_route=\/wp\/v2\/types\/post"}],"author":[{"embeddable":true,"href":"https:\/\/www.chatsulissiens91.fr\/index.php?rest_route=\/wp\/v2\/users\/17"}],"replies":[{"embeddable":true,"href":"https:\/\/www.chatsulissiens91.fr\/index.php?rest_route=%2Fwp%2Fv2%2Fcomments&post=38"}],"version-history":[{"count":1,"href":"https:\/\/www.chatsulissiens91.fr\/index.php?rest_route=\/wp\/v2\/posts\/38\/revisions"}],"predecessor-version":[{"id":1424,"href":"https:\/\/www.chatsulissiens91.fr\/index.php?rest_route=\/wp\/v2\/posts\/38\/revisions\/1424"}],"wp:attachment":[{"href":"https:\/\/www.chatsulissiens91.fr\/index.php?rest_route=%2Fwp%2Fv2%2Fmedia&parent=38"}],"wp:term":[{"taxonomy":"category","embeddable":true,"href":"https:\/\/www.chatsulissiens91.fr\/index.php?rest_route=%2Fwp%2Fv2%2Fcategories&post=38"},{"taxonomy":"post_tag","embeddable":true,"href":"https:\/\/www.chatsulissiens91.fr\/index.php?rest_route=%2Fwp%2Fv2%2Ftags&post=38"}],"curies":[{"name":"wp","href":"https:\/\/api.w.org\/{rel}","templated":true}]}}