{"id":3492,"date":"2018-10-15T12:48:43","date_gmt":"2018-10-15T11:48:43","guid":{"rendered":"http:\/\/chatsulissiens91.fr\/?p=3492"},"modified":"2018-10-15T12:48:43","modified_gmt":"2018-10-15T11:48:43","slug":"week-end-dadoption-samedi-20-et-dimanche-21-octobre-2018","status":"publish","type":"post","link":"https:\/\/www.chatsulissiens91.fr\/?p=3492","title":{"rendered":"Week-end d&rsquo;adoption : samedi 20 et dimanche 21 octobre 2018"},"content":{"rendered":"<p><img loading=\"lazy\" decoding=\"async\" class=\"alignnone size-medium wp-image-3493\" src=\"http:\/\/chatsulissiens91.fr\/wp-content\/uploads\/2018\/10\/DSC_0129-300x200.jpg\" alt=\"\" width=\"300\" height=\"200\" srcset=\"https:\/\/www.chatsulissiens91.fr\/wp-content\/uploads\/2018\/10\/DSC_0129-300x200.jpg 300w, https:\/\/www.chatsulissiens91.fr\/wp-content\/uploads\/2018\/10\/DSC_0129-768x512.jpg 768w, https:\/\/www.chatsulissiens91.fr\/wp-content\/uploads\/2018\/10\/DSC_0129-150x100.jpg 150w, https:\/\/www.chatsulissiens91.fr\/wp-content\/uploads\/2018\/10\/DSC_0129.jpg 1000w\" sizes=\"auto, (max-width: 300px) 100vw, 300px\" \/><\/p>\n<p>Nous organisons un week-end d&rsquo;adoption : samedi 20 et dimanche 21 octobre 2018.<br \/>\nDe 14h \u00e0 18h, une \u00e9quipe de b\u00e9n\u00e9voles sera pr\u00e9sente au chalet, qui est situ\u00e9 dans l\u2019enceinte des serres municipales des Ulis.<br \/>\nD&rsquo;adorables matous seront pr\u00e9sents, avec l\u2019espoir de rencontrer leurs familles pour la vie ! Parmi les petits pensionnaires, il y aura les deux fr\u00e8res pr\u00e9sents sur cette photo, Oggy et Ouragan. <span class=\"text_exposed_show\"><br \/>\nLe week-end prochain est donc plac\u00e9 sous le signe des adoptions ! <\/span><\/p>\n<div class=\"text_exposed_show\">\n<p>Nous contacter :<br \/>\n06 71 95 67 49 ou 06 03 41 81 84<br \/>\nchatsulissiens@gmail.com<\/p>\n<\/div>\n","protected":false},"excerpt":{"rendered":"<p>Nous organisons un week-end d&rsquo;adoption : samedi 20 et dimanche 21 octobre 2018. De 14h \u00e0 18h, une \u00e9quipe de b\u00e9n\u00e9voles sera pr\u00e9sente au chalet, qui est situ\u00e9 dans l\u2019enceinte des serres municipales des Ulis. D&rsquo;adorables matous seront pr\u00e9sents, avec l\u2019espoir de rencontrer leurs familles pour la vie ! Parmi\u2026<\/p>\n<p class=\"continue-reading-button\"> <a class=\"continue-reading-link\" href=\"https:\/\/www.chatsulissiens91.fr\/?p=3492\">Lire la suite<i class=\"crycon-right-dir\"><\/i><\/a><\/p>\n","protected":false},"author":17,"featured_media":0,"comment_status":"closed","ping_status":"closed","sticky":false,"template":"","format":"standard","meta":{"_jetpack_memberships_contains_paid_content":false,"footnotes":""},"categories":[3],"tags":[],"class_list":["post-3492","post","type-post","status-publish","format-standard","hentry","category-info"],"jetpack_featured_media_url":"","jetpack_sharing_enabled":true,"_links":{"self":[{"href":"https:\/\/www.chatsulissiens91.fr\/index.php?rest_route=\/wp\/v2\/posts\/3492","targetHints":{"allow":["GET"]}}],"collection":[{"href":"https:\/\/www.chatsulissiens91.fr\/index.php?rest_route=\/wp\/v2\/posts"}],"about":[{"href":"https:\/\/www.chatsulissiens91.fr\/index.php?rest_route=\/wp\/v2\/types\/post"}],"author":[{"embeddable":true,"href":"https:\/\/www.chatsulissiens91.fr\/index.php?rest_route=\/wp\/v2\/users\/17"}],"replies":[{"embeddable":true,"href":"https:\/\/www.chatsulissiens91.fr\/index.php?rest_route=%2Fwp%2Fv2%2Fcomments&post=3492"}],"version-history":[{"count":1,"href":"https:\/\/www.chatsulissiens91.fr\/index.php?rest_route=\/wp\/v2\/posts\/3492\/revisions"}],"predecessor-version":[{"id":3494,"href":"https:\/\/www.chatsulissiens91.fr\/index.php?rest_route=\/wp\/v2\/posts\/3492\/revisions\/3494"}],"wp:attachment":[{"href":"https:\/\/www.chatsulissiens91.fr\/index.php?rest_route=%2Fwp%2Fv2%2Fmedia&parent=3492"}],"wp:term":[{"taxonomy":"category","embeddable":true,"href":"https:\/\/www.chatsulissiens91.fr\/index.php?rest_route=%2Fwp%2Fv2%2Fcategories&post=3492"},{"taxonomy":"post_tag","embeddable":true,"href":"https:\/\/www.chatsulissiens91.fr\/index.php?rest_route=%2Fwp%2Fv2%2Ftags&post=3492"}],"curies":[{"name":"wp","href":"https:\/\/api.w.org\/{rel}","templated":true}]}}