{"id":3452,"date":"2018-09-24T17:55:41","date_gmt":"2018-09-24T16:55:41","guid":{"rendered":"http:\/\/chatsulissiens91.fr\/?p=3452"},"modified":"2018-09-24T17:55:41","modified_gmt":"2018-09-24T16:55:41","slug":"journee-dadoption-le-dimanche-30-septembre-2018","status":"publish","type":"post","link":"https:\/\/www.chatsulissiens91.fr\/?p=3452","title":{"rendered":"JOURNEE D&rsquo;ADOPTION, le dimanche 30 septembre 2018"},"content":{"rendered":"<p><img loading=\"lazy\" decoding=\"async\" class=\"alignnone size-medium wp-image-3453\" src=\"http:\/\/chatsulissiens91.fr\/wp-content\/uploads\/2018\/09\/DSC_0073-300x201.jpg\" alt=\"\" width=\"300\" height=\"201\" srcset=\"https:\/\/www.chatsulissiens91.fr\/wp-content\/uploads\/2018\/09\/DSC_0073-300x201.jpg 300w, https:\/\/www.chatsulissiens91.fr\/wp-content\/uploads\/2018\/09\/DSC_0073-768x515.jpg 768w, https:\/\/www.chatsulissiens91.fr\/wp-content\/uploads\/2018\/09\/DSC_0073-150x101.jpg 150w, https:\/\/www.chatsulissiens91.fr\/wp-content\/uploads\/2018\/09\/DSC_0073.jpg 1000w\" sizes=\"auto, (max-width: 300px) 100vw, 300px\" \/><\/p>\n<p>Ce dimanche 30 septembre, nous serons pr\u00e9sents \u00e0 la foire \u00e0 tout des Ulis, et nous faisons \u00e9galement une journ\u00e9e d&rsquo;adoption au chalet.<br \/>\nDe 14h \u00e0 18h, une \u00e9quipe de b\u00e9n\u00e9voles recevra les visiteurs au chalet, qui est situ\u00e9 dans l&rsquo;enceinte des serres municipales des Ulis.<br \/>\nMutine, Ouragan, L\u00e9onard, Nala, et tous les autres petits f\u00e9lins seront pr\u00e9sents et avec l&rsquo;espoir de rencontrer leurs familles pour la vie !<\/p>\n<p>Nous vous attendons nombreux&#8230; et \u00e0 dimanche !<\/p>\n","protected":false},"excerpt":{"rendered":"<p>Ce dimanche 30 septembre, nous serons pr\u00e9sents \u00e0 la foire \u00e0 tout des Ulis, et nous faisons \u00e9galement une journ\u00e9e d&rsquo;adoption au chalet. De 14h \u00e0 18h, une \u00e9quipe de b\u00e9n\u00e9voles recevra les visiteurs au chalet, qui est situ\u00e9 dans l&rsquo;enceinte des serres municipales des Ulis. Mutine, Ouragan, L\u00e9onard, Nala,\u2026<\/p>\n<p class=\"continue-reading-button\"> <a class=\"continue-reading-link\" href=\"https:\/\/www.chatsulissiens91.fr\/?p=3452\">Lire la suite<i class=\"crycon-right-dir\"><\/i><\/a><\/p>\n","protected":false},"author":17,"featured_media":0,"comment_status":"closed","ping_status":"closed","sticky":false,"template":"","format":"standard","meta":{"_jetpack_memberships_contains_paid_content":false,"footnotes":""},"categories":[3],"tags":[],"class_list":["post-3452","post","type-post","status-publish","format-standard","hentry","category-info"],"jetpack_featured_media_url":"","jetpack_sharing_enabled":true,"_links":{"self":[{"href":"https:\/\/www.chatsulissiens91.fr\/index.php?rest_route=\/wp\/v2\/posts\/3452","targetHints":{"allow":["GET"]}}],"collection":[{"href":"https:\/\/www.chatsulissiens91.fr\/index.php?rest_route=\/wp\/v2\/posts"}],"about":[{"href":"https:\/\/www.chatsulissiens91.fr\/index.php?rest_route=\/wp\/v2\/types\/post"}],"author":[{"embeddable":true,"href":"https:\/\/www.chatsulissiens91.fr\/index.php?rest_route=\/wp\/v2\/users\/17"}],"replies":[{"embeddable":true,"href":"https:\/\/www.chatsulissiens91.fr\/index.php?rest_route=%2Fwp%2Fv2%2Fcomments&post=3452"}],"version-history":[{"count":1,"href":"https:\/\/www.chatsulissiens91.fr\/index.php?rest_route=\/wp\/v2\/posts\/3452\/revisions"}],"predecessor-version":[{"id":3454,"href":"https:\/\/www.chatsulissiens91.fr\/index.php?rest_route=\/wp\/v2\/posts\/3452\/revisions\/3454"}],"wp:attachment":[{"href":"https:\/\/www.chatsulissiens91.fr\/index.php?rest_route=%2Fwp%2Fv2%2Fmedia&parent=3452"}],"wp:term":[{"taxonomy":"category","embeddable":true,"href":"https:\/\/www.chatsulissiens91.fr\/index.php?rest_route=%2Fwp%2Fv2%2Fcategories&post=3452"},{"taxonomy":"post_tag","embeddable":true,"href":"https:\/\/www.chatsulissiens91.fr\/index.php?rest_route=%2Fwp%2Fv2%2Ftags&post=3452"}],"curies":[{"name":"wp","href":"https:\/\/api.w.org\/{rel}","templated":true}]}}