{"id":300,"date":"2015-05-05T20:45:17","date_gmt":"2015-05-05T19:45:17","guid":{"rendered":"http:\/\/chatsulissiens91.fr\/?p=300"},"modified":"2016-05-02T20:45:13","modified_gmt":"2016-05-02T19:45:13","slug":"lettre-davril-2015","status":"publish","type":"post","link":"https:\/\/www.chatsulissiens91.fr\/?p=300","title":{"rendered":"Lettre d&rsquo;Avril 2015"},"content":{"rendered":"<p><a href=\"http:\/\/chatsulissiens91.fr\/wp-content\/uploads\/2015\/05\/chatavril01.jpg\"><img loading=\"lazy\" decoding=\"async\" class=\" size-full wp-image-301 aligncenter\" src=\"http:\/\/chatsulissiens91.fr\/wp-content\/uploads\/2015\/05\/chatavril01.jpg\" alt=\"chatavril01\" width=\"225\" height=\"225\" srcset=\"https:\/\/www.chatsulissiens91.fr\/wp-content\/uploads\/2015\/05\/chatavril01.jpg 225w, https:\/\/www.chatsulissiens91.fr\/wp-content\/uploads\/2015\/05\/chatavril01-150x150.jpg 150w\" sizes=\"auto, (max-width: 225px) 100vw, 225px\" \/><\/a><\/p>\n<p><span style=\"font-size: small;\">O\u2019Maley, par l\u2019interm\u00e9diaire de ce joli minet, envoie ce brin de muguet porte- bonheur \u00e0 tous ses copines et copains de gal\u00e8re pour qu\u2019ils aient comme lui la chance de trouver famille \u00e0 sa patte.<\/span><\/p>\n<p><span style=\"font-size: small;\">Bonjour \u00e0 tous,<\/span><\/p>\n<p><span style=\"font-size: small;\">Voici des nouvelles de la gente f\u00e9line de notre ville.<\/span><\/p>\n<ul>\n<li><span style=\"color: #ff0000;\"><span style=\"font-size: small;\">Adoption\u00a0:<\/span><\/span> <span style=\"color: #ff0000;\"><span style=\"font-size: small;\">Jacinthe, <\/span><\/span><span style=\"font-size: small;\">la timide a s\u00e9duit une gentille famille et est partie vivre \u00e0 Evry\u00a0; elle est <\/span><\/li>\n<\/ul>\n<p><span style=\"font-size: small;\">encore timide , il faut la comprendre que de changements en si peu de temps\u00a0!De nouvelles maisons et la s\u00e9paration d\u2019avec sa m\u00e8re.<\/span><\/p>\n<p><span style=\"color: #ff0000;\"><span style=\"font-size: small;\">Jenny <\/span><\/span><span style=\"font-size: small;\">est en famille d\u2019accueil.<\/span><\/p>\n<ul>\n<li><span style=\"color: #ff0000;\"><span style=\"font-size: small;\">Les nouveaux\u00a0:<\/span><\/span><span style=\"font-size: small;\">Une<\/span><span style=\"font-size: small;\"> gentille dame nous a demand\u00e9 de l\u2019aide car elle ne pouvait pas s\u2019occuper de <\/span><\/li>\n<\/ul>\n<p><span style=\"color: #ff0000;\"> <span style=\"font-size: small;\">L\u00e9na <\/span><\/span><span style=\"font-size: small;\">un adorable petit bout de chat de 2 mois, toute noire mais pleine de vie. <\/span><\/p>\n<ul>\n<li><span style=\"color: #ff0000;\"><span style=\"font-size: small;\">FA\u00a0:<\/span><\/span><span style=\"font-size: small;\"> nous recherchons toujours des familles d\u2019accueil notamment pour Salsa et Idylle car ces dames pr\u00e9f\u00e8rent \u00eatre fille unique bien s\u00fbr l\u2019id\u00e9al ce serait qu\u2019elles soient adopt\u00e9es.<\/span><\/li>\n<\/ul>\n<ul>\n<li><span style=\"font-size: small;\">La petite minette trouv\u00e9e \u00e0 la r\u00e9sidence des Hautes Plaines a tr\u00e8s vite retrouv\u00e9 sa famille\u00a0; elle <\/span><\/li>\n<\/ul>\n<p><span style=\"font-size: small;\">venait de Monjay.Elle se remet de ses \u00e9motions apr\u00e8s cette aventure bien \u00e9prouvante, d\u2019habitude elle reste dans son jardin avec sa m\u00e8re. Peut-\u00eatre a-t-elle eu peur de l\u2019orage ou simplement voulait-elle voir le monde\u00a0?<\/span><\/p>\n<ul>\n<li><span style=\"color: #ff0000;\"><span style=\"font-size: small;\">Op\u00e9ration caddie\u00a0<\/span><\/span><span style=\"font-size: small;\">: a lieu samedi 9 et dimanche 10 \u00e0 Jardiland Gometz-le-ch\u00e2tel, venez nous voir<\/span><\/li>\n<\/ul>\n<p><span style=\"font-size: small;\">vous ferez connaissance de notre \u00e9quipe et nous serons ravis de vous rencontrer.<\/span><\/p>\n<p><span style=\"font-size: small;\"> Il pleut beaucoup en ce moment et ce n\u2019est pas agr\u00e9able pour les chats qui vivent dehors comme le montre ce chat qui ne semble pas ravi sous son parapluie \u2026<\/span><\/p>\n<p><span style=\"font-size: small;\">,<\/span><\/p>\n<p><span style=\"font-size: small;\"> Notre 2\u00e9me <\/span><span style=\"color: #ff0000;\"><span style=\"font-size: small;\">mascotte Endy<\/span><\/span><span style=\"font-size: small;\"> est toujours dehors et il r\u00eave d\u2019un coussin bien au sec, pensez \u00e0 lui et \u00e0 ses copains CSF (chats sans foyer), <\/span><span style=\"color: #ff0000;\"><span style=\"font-size: small;\">aidez-nous \u00e0 leur trouver une famille<\/span><\/span><span style=\"font-size: small;\">, car la plupart de ces chats ne sont pas n\u00e9s dehors, ils ont \u00e9t\u00e9 jet\u00e9s dehors\u00a0!<\/span><\/p>\n<p><span style=\"font-size: small;\"> Ils vous miaulent un grand merci d\u2019avance.<\/span><\/p>\n<p><span style=\"font-size: small;\">Au prochain week-end peut-\u00eatre.<\/span><\/p>\n<p><span style=\"font-size: small;\">Liliane<\/span><\/p>\n<p><span style=\"font-size: small;\">Contact\u00a0: <\/span><span style=\"color: #0000ff;\"><u><a href=\"mailto:chatsulissiens@yahoo.fr\"><span style=\"font-size: small;\">chatsulissiens@yahoo.fr<\/span><\/a><\/u><\/span><span style=\"font-size: small;\"> 06 71 95 67 49 \/ 06 03 41 81 84<\/span><\/p>\n<p>&nbsp;<\/p>\n<p><a href=\"http:\/\/chatsulissiens91.fr\/wp-content\/uploads\/2015\/05\/chatavril02.jpg\"><img loading=\"lazy\" decoding=\"async\" class=\" size-full wp-image-302 aligncenter\" src=\"http:\/\/chatsulissiens91.fr\/wp-content\/uploads\/2015\/05\/chatavril02.jpg\" alt=\"chatavril02\" width=\"110\" height=\"177\" \/><\/a><\/p>\n","protected":false},"excerpt":{"rendered":"<p>O\u2019Maley, par l\u2019interm\u00e9diaire de ce joli minet, envoie ce brin de muguet porte- bonheur \u00e0 tous ses copines et copains de gal\u00e8re pour qu\u2019ils aient comme lui la chance de trouver famille \u00e0 sa patte. Bonjour \u00e0 tous, Voici des nouvelles de la gente f\u00e9line de notre ville. Adoption\u00a0: Jacinthe,\u2026<\/p>\n<p class=\"continue-reading-button\"> <a class=\"continue-reading-link\" href=\"https:\/\/www.chatsulissiens91.fr\/?p=300\">Lire la suite<i class=\"crycon-right-dir\"><\/i><\/a><\/p>\n","protected":false},"author":17,"featured_media":0,"comment_status":"closed","ping_status":"closed","sticky":false,"template":"","format":"standard","meta":{"_jetpack_memberships_contains_paid_content":false,"footnotes":""},"categories":[3],"tags":[],"class_list":["post-300","post","type-post","status-publish","format-standard","hentry","category-info"],"jetpack_featured_media_url":"","jetpack_sharing_enabled":true,"_links":{"self":[{"href":"https:\/\/www.chatsulissiens91.fr\/index.php?rest_route=\/wp\/v2\/posts\/300","targetHints":{"allow":["GET"]}}],"collection":[{"href":"https:\/\/www.chatsulissiens91.fr\/index.php?rest_route=\/wp\/v2\/posts"}],"about":[{"href":"https:\/\/www.chatsulissiens91.fr\/index.php?rest_route=\/wp\/v2\/types\/post"}],"author":[{"embeddable":true,"href":"https:\/\/www.chatsulissiens91.fr\/index.php?rest_route=\/wp\/v2\/users\/17"}],"replies":[{"embeddable":true,"href":"https:\/\/www.chatsulissiens91.fr\/index.php?rest_route=%2Fwp%2Fv2%2Fcomments&post=300"}],"version-history":[{"count":1,"href":"https:\/\/www.chatsulissiens91.fr\/index.php?rest_route=\/wp\/v2\/posts\/300\/revisions"}],"predecessor-version":[{"id":303,"href":"https:\/\/www.chatsulissiens91.fr\/index.php?rest_route=\/wp\/v2\/posts\/300\/revisions\/303"}],"wp:attachment":[{"href":"https:\/\/www.chatsulissiens91.fr\/index.php?rest_route=%2Fwp%2Fv2%2Fmedia&parent=300"}],"wp:term":[{"taxonomy":"category","embeddable":true,"href":"https:\/\/www.chatsulissiens91.fr\/index.php?rest_route=%2Fwp%2Fv2%2Fcategories&post=300"},{"taxonomy":"post_tag","embeddable":true,"href":"https:\/\/www.chatsulissiens91.fr\/index.php?rest_route=%2Fwp%2Fv2%2Ftags&post=300"}],"curies":[{"name":"wp","href":"https:\/\/api.w.org\/{rel}","templated":true}]}}