{"id":2819,"date":"2017-12-14T19:56:26","date_gmt":"2017-12-14T18:56:26","guid":{"rendered":"http:\/\/chatsulissiens91.fr\/?p=2819"},"modified":"2017-12-22T20:22:10","modified_gmt":"2017-12-22T19:22:10","slug":"idylle-chatte-perdue-au-jardin-des-lys-aux-ulis","status":"publish","type":"post","link":"https:\/\/www.chatsulissiens91.fr\/?p=2819","title":{"rendered":"Idylle, chatte PERDUE, au Jardin des Lys, aux Ulis (retrouv\u00e9e)"},"content":{"rendered":"<p><img loading=\"lazy\" decoding=\"async\" class=\"alignnone size-medium wp-image-2820\" src=\"http:\/\/chatsulissiens91.fr\/wp-content\/uploads\/2017\/12\/thumbnail_ydille-010-225x300.jpg\" alt=\"\" width=\"225\" height=\"300\" srcset=\"https:\/\/www.chatsulissiens91.fr\/wp-content\/uploads\/2017\/12\/thumbnail_ydille-010-225x300.jpg 225w, https:\/\/www.chatsulissiens91.fr\/wp-content\/uploads\/2017\/12\/thumbnail_ydille-010-113x150.jpg 113w, https:\/\/www.chatsulissiens91.fr\/wp-content\/uploads\/2017\/12\/thumbnail_ydille-010.jpg 576w\" sizes=\"auto, (max-width: 225px) 100vw, 225px\" \/><\/p>\n<p>Edit : Bonne nouvelle, Idylle est retrouv\u00e9e ! La demoiselle va donc pouvoir de nouveau \u00eatre au chaud dans son foyer.<\/p>\n<p>&nbsp;<\/p>\n<p>Idylle est tomb\u00e9e du balcon depuis samedi. Le b\u00e2timent de sa famille est situ\u00e9 au Jardin des Lys, aux Ulis.<br \/>\nC&rsquo;est une chatte tricolore de 8 ans. Elle est st\u00e9rilis\u00e9e et identifi\u00e9e.<br \/>\nAssez peureuse, il n&rsquo;est pas certain qu&rsquo;elle vienne si on l&rsquo;appelle. Sa famille fait r\u00e9guli\u00e8rement le tour du quartier mais pour l&rsquo;instant Idylle n&rsquo;a pas \u00e9t\u00e9 vue. <span class=\"text_exposed_show\"><br \/>\nSi elle est aper\u00e7ue, merci de nous contacter :<br \/>\n06 71 95 67 49<br \/>\nchatsulissiens@gmail.com<\/span><\/p>\n","protected":false},"excerpt":{"rendered":"<p>Edit : Bonne nouvelle, Idylle est retrouv\u00e9e ! La demoiselle va donc pouvoir de nouveau \u00eatre au chaud dans son foyer. &nbsp; Idylle est tomb\u00e9e du balcon depuis samedi. Le b\u00e2timent de sa famille est situ\u00e9 au Jardin des Lys, aux Ulis. C&rsquo;est une chatte tricolore de 8 ans. Elle\u2026<\/p>\n<p class=\"continue-reading-button\"> <a class=\"continue-reading-link\" href=\"https:\/\/www.chatsulissiens91.fr\/?p=2819\">Lire la suite<i class=\"crycon-right-dir\"><\/i><\/a><\/p>\n","protected":false},"author":17,"featured_media":0,"comment_status":"closed","ping_status":"closed","sticky":false,"template":"","format":"standard","meta":{"_jetpack_memberships_contains_paid_content":false,"footnotes":""},"categories":[4],"tags":[],"class_list":["post-2819","post","type-post","status-publish","format-standard","hentry","category-perdu"],"jetpack_featured_media_url":"","jetpack_sharing_enabled":true,"_links":{"self":[{"href":"https:\/\/www.chatsulissiens91.fr\/index.php?rest_route=\/wp\/v2\/posts\/2819","targetHints":{"allow":["GET"]}}],"collection":[{"href":"https:\/\/www.chatsulissiens91.fr\/index.php?rest_route=\/wp\/v2\/posts"}],"about":[{"href":"https:\/\/www.chatsulissiens91.fr\/index.php?rest_route=\/wp\/v2\/types\/post"}],"author":[{"embeddable":true,"href":"https:\/\/www.chatsulissiens91.fr\/index.php?rest_route=\/wp\/v2\/users\/17"}],"replies":[{"embeddable":true,"href":"https:\/\/www.chatsulissiens91.fr\/index.php?rest_route=%2Fwp%2Fv2%2Fcomments&post=2819"}],"version-history":[{"count":4,"href":"https:\/\/www.chatsulissiens91.fr\/index.php?rest_route=\/wp\/v2\/posts\/2819\/revisions"}],"predecessor-version":[{"id":2827,"href":"https:\/\/www.chatsulissiens91.fr\/index.php?rest_route=\/wp\/v2\/posts\/2819\/revisions\/2827"}],"wp:attachment":[{"href":"https:\/\/www.chatsulissiens91.fr\/index.php?rest_route=%2Fwp%2Fv2%2Fmedia&parent=2819"}],"wp:term":[{"taxonomy":"category","embeddable":true,"href":"https:\/\/www.chatsulissiens91.fr\/index.php?rest_route=%2Fwp%2Fv2%2Fcategories&post=2819"},{"taxonomy":"post_tag","embeddable":true,"href":"https:\/\/www.chatsulissiens91.fr\/index.php?rest_route=%2Fwp%2Fv2%2Ftags&post=2819"}],"curies":[{"name":"wp","href":"https:\/\/api.w.org\/{rel}","templated":true}]}}