{"id":2804,"date":"2017-12-12T16:58:25","date_gmt":"2017-12-12T15:58:25","guid":{"rendered":"http:\/\/chatsulissiens91.fr\/?p=2804"},"modified":"2017-12-13T22:11:58","modified_gmt":"2017-12-13T21:11:58","slug":"chat-perdu-pres-du-college-des-amonts-aux-ulis","status":"publish","type":"post","link":"https:\/\/www.chatsulissiens91.fr\/?p=2804","title":{"rendered":"Chat PERDU pr\u00e8s du coll\u00e8ge des Amonts aux Ulis (retrouv\u00e9)"},"content":{"rendered":"<p>&nbsp;<\/p>\n<p><img loading=\"lazy\" decoding=\"async\" class=\"alignnone size-medium wp-image-2805\" src=\"http:\/\/chatsulissiens91.fr\/wp-content\/uploads\/2017\/12\/25114922_1922596467757243_147605860_n-225x300.jpg\" alt=\"\" width=\"225\" height=\"300\" srcset=\"https:\/\/www.chatsulissiens91.fr\/wp-content\/uploads\/2017\/12\/25114922_1922596467757243_147605860_n-225x300.jpg 225w, https:\/\/www.chatsulissiens91.fr\/wp-content\/uploads\/2017\/12\/25114922_1922596467757243_147605860_n-113x150.jpg 113w, https:\/\/www.chatsulissiens91.fr\/wp-content\/uploads\/2017\/12\/25114922_1922596467757243_147605860_n.jpg 480w\" sizes=\"auto, (max-width: 225px) 100vw, 225px\" \/><img loading=\"lazy\" decoding=\"async\" class=\"alignnone size-medium wp-image-2806\" src=\"http:\/\/chatsulissiens91.fr\/wp-content\/uploads\/2017\/12\/25114904_1922595321090691_904142217_n-225x300.jpg\" alt=\"\" width=\"225\" height=\"300\" srcset=\"https:\/\/www.chatsulissiens91.fr\/wp-content\/uploads\/2017\/12\/25114904_1922595321090691_904142217_n-225x300.jpg 225w, https:\/\/www.chatsulissiens91.fr\/wp-content\/uploads\/2017\/12\/25114904_1922595321090691_904142217_n-113x150.jpg 113w, https:\/\/www.chatsulissiens91.fr\/wp-content\/uploads\/2017\/12\/25114904_1922595321090691_904142217_n.jpg 480w\" sizes=\"auto, (max-width: 225px) 100vw, 225px\" \/><\/p>\n<p>Edit : Minou est retrouv\u00e9 ! Il \u00e9tait enferm\u00e9 dans une cave.<\/p>\n<p>C&rsquo;est un chat noir et \u00e9lanc\u00e9, de 2ans, qui est castr\u00e9 mais pas tatou\u00e9 ni puc\u00e9. Sa famille est situ\u00e9e pr\u00e8s du coll\u00e8ge des Amonts, aux Ulis.<\/p>\n<p>Nous contacter :<br \/>\n06 71 95 67 49 <span class=\"text_exposed_show\"><br \/>\nchatsulissiens@gmail.com<\/span><\/p>\n","protected":false},"excerpt":{"rendered":"<p>&nbsp; Edit : Minou est retrouv\u00e9 ! Il \u00e9tait enferm\u00e9 dans une cave. C&rsquo;est un chat noir et \u00e9lanc\u00e9, de 2ans, qui est castr\u00e9 mais pas tatou\u00e9 ni puc\u00e9. Sa famille est situ\u00e9e pr\u00e8s du coll\u00e8ge des Amonts, aux Ulis. Nous contacter : 06 71 95 67 49 chatsulissiens@gmail.com<\/p>\n<p class=\"continue-reading-button\"> <a class=\"continue-reading-link\" href=\"https:\/\/www.chatsulissiens91.fr\/?p=2804\">Lire la suite<i class=\"crycon-right-dir\"><\/i><\/a><\/p>\n","protected":false},"author":17,"featured_media":0,"comment_status":"closed","ping_status":"closed","sticky":false,"template":"","format":"standard","meta":{"_jetpack_memberships_contains_paid_content":false,"footnotes":""},"categories":[4],"tags":[],"class_list":["post-2804","post","type-post","status-publish","format-standard","hentry","category-perdu"],"jetpack_featured_media_url":"","jetpack_sharing_enabled":true,"_links":{"self":[{"href":"https:\/\/www.chatsulissiens91.fr\/index.php?rest_route=\/wp\/v2\/posts\/2804","targetHints":{"allow":["GET"]}}],"collection":[{"href":"https:\/\/www.chatsulissiens91.fr\/index.php?rest_route=\/wp\/v2\/posts"}],"about":[{"href":"https:\/\/www.chatsulissiens91.fr\/index.php?rest_route=\/wp\/v2\/types\/post"}],"author":[{"embeddable":true,"href":"https:\/\/www.chatsulissiens91.fr\/index.php?rest_route=\/wp\/v2\/users\/17"}],"replies":[{"embeddable":true,"href":"https:\/\/www.chatsulissiens91.fr\/index.php?rest_route=%2Fwp%2Fv2%2Fcomments&post=2804"}],"version-history":[{"count":2,"href":"https:\/\/www.chatsulissiens91.fr\/index.php?rest_route=\/wp\/v2\/posts\/2804\/revisions"}],"predecessor-version":[{"id":2817,"href":"https:\/\/www.chatsulissiens91.fr\/index.php?rest_route=\/wp\/v2\/posts\/2804\/revisions\/2817"}],"wp:attachment":[{"href":"https:\/\/www.chatsulissiens91.fr\/index.php?rest_route=%2Fwp%2Fv2%2Fmedia&parent=2804"}],"wp:term":[{"taxonomy":"category","embeddable":true,"href":"https:\/\/www.chatsulissiens91.fr\/index.php?rest_route=%2Fwp%2Fv2%2Fcategories&post=2804"},{"taxonomy":"post_tag","embeddable":true,"href":"https:\/\/www.chatsulissiens91.fr\/index.php?rest_route=%2Fwp%2Fv2%2Ftags&post=2804"}],"curies":[{"name":"wp","href":"https:\/\/api.w.org\/{rel}","templated":true}]}}